{"id":6161,"date":"2016-10-22T13:36:16","date_gmt":"2016-10-22T11:36:16","guid":{"rendered":"http:\/\/grebbekrant.nl\/wordpress\/?p=6161"},"modified":"2016-11-10T12:18:46","modified_gmt":"2016-11-10T11:18:46","slug":"koninklijke-onderscheiding-voor-gerrit-roelofsen-uit-rhenen","status":"publish","type":"post","link":"https:\/\/grebbekrant.nl\/wordpress\/koninklijke-onderscheiding-voor-gerrit-roelofsen-uit-rhenen\/","title":{"rendered":"Koninklijke onderscheiding voor Gerrit Roelofsen uit Rhenen"},"content":{"rendered":"<p>Rhenen &#8211; Burgemeester Hans van der Pas van de gemeente Rhenen heeft op zaterdagmiddag 22 oktober 2016 aan de heer Gerrit Jan Roelofsen uit Rhenen een Koninklijke Onderscheiding uitgereikt. Dit gebeurde in het clubgebouw van Showharmonie O.B.K. Rhenen tijdens een bijeenkomst t.g.v. het 85 jarig jubileum van Showharmonie O.B.K. Rhenen.<\/p>\n<p>De heer Roelofsen is sinds 1 januari 1965 lid van Showharmonie O.B.K. Rhenen. In al die jaren heeft hij binnen de vereniging diverse bestuursfuncties vervuld, sommige functies zelfs meerdere malen. Hij was de grote organisator achter de diverse, Wild Avonden (Bingo), Tiroler feestavonden en rommelmarkten die O.B.K. in het verleden heeft georganiseerd. Ook zet hij zich al jaren lang in voor het ophalen van oud papier (door leden van Showharmonie O.B.K. Rhenen) en is hij voor de gemeente co\u00f6rdinator geweest bij de start van het huis-aan-huis ophalen van papiercontainers. Door O.B.K. Rhenen is hij in 2015 beloond voor al zijn activiteiten binnen de vereniging door zijn benoeming tot erelid.<\/p>\n<p>Sinds 2001 is hij ook voorzitter van de Intochtcommissie Sinterklaas Rhenen, al ruim 15 jaar lang \u00e9\u00e9n van de drukst bezochte intochten in de regio. Met vaak heel beperkte (financi\u00eble) middelen maar met veel enthousiasme en inzet lukt het toch ieder jaar weer de Sint en zijn Pieten een geweldige intocht te geven.<\/p>\n<p>Sinds 2003 is de heer Roelofsen tevens penningmeester van de Stichting Oranjedag Rhenen. Hij is mede organisator van de diverse activiteiten die op Koningsdag in Rhenen plaatsvinden. Hoogtepunt in deze vrijwilligersfunctie was de organisatie van Koninginnedag 2012 en de ontvangst van het Koninklijk gezelschap in de gemeente Rhenen.<\/p>\n<p>Juist omdat de heer Roelofsen zo intensief betrokken is bij alle bovengenoemde activiteiten werd hij in 2015 benaderd door het bestuur van de Stichting STERC met het verzoek om bestuurslid te worden. Inmiddels heeft hij al diverse activiteiten mede georganiseerd zoals de Kerstmarkt, het Smartlappenfestival, Paaseieren schilderen en de bloemen-uitdeel-actie voor Moederdag.<\/p>\n<div id='gallery-1' class='gallery galleryid-6161 gallery-columns-3 gallery-size-colormag-featured-image'><figure class='gallery-item'>\n\t\t\t<div class='gallery-icon landscape'>\n\t\t\t\t<a href='https:\/\/grebbekrant.nl\/wordpress\/koninklijke-onderscheiding-voor-gerrit-roelofsen-uit-rhenen\/gk_2210_1119\/'><img loading=\"lazy\" decoding=\"async\" width=\"800\" height=\"533\" src=\"https:\/\/grebbekrant.nl\/wordpress\/wp-content\/uploads\/2016\/10\/GK_2210_1119.jpg\" class=\"attachment-colormag-featured-image size-colormag-featured-image\" alt=\"\" aria-describedby=\"gallery-1-6164\" srcset=\"https:\/\/grebbekrant.nl\/wordpress\/wp-content\/uploads\/2016\/10\/GK_2210_1119.jpg 850w, https:\/\/grebbekrant.nl\/wordpress\/wp-content\/uploads\/2016\/10\/GK_2210_1119-300x200.jpg 300w, https:\/\/grebbekrant.nl\/wordpress\/wp-content\/uploads\/2016\/10\/GK_2210_1119-768x512.jpg 768w, https:\/\/grebbekrant.nl\/wordpress\/wp-content\/uploads\/2016\/10\/GK_2210_1119-560x374.jpg 560w, https:\/\/grebbekrant.nl\/wordpress\/wp-content\/uploads\/2016\/10\/GK_2210_1119-260x173.jpg 260w, https:\/\/grebbekrant.nl\/wordpress\/wp-content\/uploads\/2016\/10\/GK_2210_1119-160x107.jpg 160w\" sizes=\"auto, (max-width: 800px) 100vw, 800px\" \/><\/a>\n\t\t\t<\/div>\n\t\t\t\t<figcaption class='wp-caption-text gallery-caption' id='gallery-1-6164'>\n\t\t\t\tRhenen, 22 oktober 2016. Koninklijke onderscheiding voor Gerrit Roelofsen. Fotograaf: Grebbekrant.\n\t\t\t\t<\/figcaption><\/figure><figure class='gallery-item'>\n\t\t\t<div class='gallery-icon landscape'>\n\t\t\t\t<a href='https:\/\/grebbekrant.nl\/wordpress\/koninklijke-onderscheiding-voor-gerrit-roelofsen-uit-rhenen\/gk_2210_1123\/'><img loading=\"lazy\" decoding=\"async\" width=\"800\" height=\"533\" src=\"https:\/\/grebbekrant.nl\/wordpress\/wp-content\/uploads\/2016\/10\/GK_2210_1123.jpg\" class=\"attachment-colormag-featured-image size-colormag-featured-image\" alt=\"\" aria-describedby=\"gallery-1-6163\" srcset=\"https:\/\/grebbekrant.nl\/wordpress\/wp-content\/uploads\/2016\/10\/GK_2210_1123.jpg 850w, https:\/\/grebbekrant.nl\/wordpress\/wp-content\/uploads\/2016\/10\/GK_2210_1123-300x200.jpg 300w, https:\/\/grebbekrant.nl\/wordpress\/wp-content\/uploads\/2016\/10\/GK_2210_1123-768x512.jpg 768w, https:\/\/grebbekrant.nl\/wordpress\/wp-content\/uploads\/2016\/10\/GK_2210_1123-560x374.jpg 560w, https:\/\/grebbekrant.nl\/wordpress\/wp-content\/uploads\/2016\/10\/GK_2210_1123-260x173.jpg 260w, https:\/\/grebbekrant.nl\/wordpress\/wp-content\/uploads\/2016\/10\/GK_2210_1123-160x107.jpg 160w\" sizes=\"auto, (max-width: 800px) 100vw, 800px\" \/><\/a>\n\t\t\t<\/div>\n\t\t\t\t<figcaption class='wp-caption-text gallery-caption' id='gallery-1-6163'>\n\t\t\t\tRhenen, 22 oktober 2016. Koninklijke onderscheiding voor Gerrit Roelofsen. Fotograaf: Grebbekrant.\n\t\t\t\t<\/figcaption><\/figure><figure class='gallery-item'>\n\t\t\t<div class='gallery-icon landscape'>\n\t\t\t\t<a href='https:\/\/grebbekrant.nl\/wordpress\/koninklijke-onderscheiding-voor-gerrit-roelofsen-uit-rhenen\/gk_2210_1154\/'><img loading=\"lazy\" decoding=\"async\" width=\"800\" height=\"533\" src=\"https:\/\/grebbekrant.nl\/wordpress\/wp-content\/uploads\/2016\/10\/GK_2210_1154.jpg\" class=\"attachment-colormag-featured-image size-colormag-featured-image\" alt=\"\" aria-describedby=\"gallery-1-6162\" srcset=\"https:\/\/grebbekrant.nl\/wordpress\/wp-content\/uploads\/2016\/10\/GK_2210_1154.jpg 850w, https:\/\/grebbekrant.nl\/wordpress\/wp-content\/uploads\/2016\/10\/GK_2210_1154-300x200.jpg 300w, https:\/\/grebbekrant.nl\/wordpress\/wp-content\/uploads\/2016\/10\/GK_2210_1154-768x512.jpg 768w, https:\/\/grebbekrant.nl\/wordpress\/wp-content\/uploads\/2016\/10\/GK_2210_1154-560x374.jpg 560w, https:\/\/grebbekrant.nl\/wordpress\/wp-content\/uploads\/2016\/10\/GK_2210_1154-260x173.jpg 260w, https:\/\/grebbekrant.nl\/wordpress\/wp-content\/uploads\/2016\/10\/GK_2210_1154-160x107.jpg 160w\" sizes=\"auto, (max-width: 800px) 100vw, 800px\" \/><\/a>\n\t\t\t<\/div>\n\t\t\t\t<figcaption class='wp-caption-text gallery-caption' id='gallery-1-6162'>\n\t\t\t\tRhenen, 22 oktober 2016. Koninklijke onderscheiding voor Gerrit Roelofsen. Fotograaf: Grebbekrant.\n\t\t\t\t<\/figcaption><\/figure>\n\t\t<\/div>\n\n","protected":false},"excerpt":{"rendered":"<p>Rhenen &#8211; Burgemeester Hans van der Pas van de gemeente Rhenen heeft op zaterdagmiddag 22 oktober 2016 aan de heer<\/p>\n","protected":false},"author":4,"featured_media":6165,"comment_status":"closed","ping_status":"closed","sticky":false,"template":"","format":"standard","meta":{"_monsterinsights_skip_tracking":false,"_monsterinsights_sitenote_active":false,"_monsterinsights_sitenote_note":"","_monsterinsights_sitenote_category":0,"footnotes":""},"categories":[25],"tags":[],"class_list":["post-6161","post","type-post","status-publish","format-standard","has-post-thumbnail","hentry","category-rhenen"],"_links":{"self":[{"href":"https:\/\/grebbekrant.nl\/wordpress\/wp-json\/wp\/v2\/posts\/6161","targetHints":{"allow":["GET"]}}],"collection":[{"href":"https:\/\/grebbekrant.nl\/wordpress\/wp-json\/wp\/v2\/posts"}],"about":[{"href":"https:\/\/grebbekrant.nl\/wordpress\/wp-json\/wp\/v2\/types\/post"}],"author":[{"embeddable":true,"href":"https:\/\/grebbekrant.nl\/wordpress\/wp-json\/wp\/v2\/users\/4"}],"replies":[{"embeddable":true,"href":"https:\/\/grebbekrant.nl\/wordpress\/wp-json\/wp\/v2\/comments?post=6161"}],"version-history":[{"count":2,"href":"https:\/\/grebbekrant.nl\/wordpress\/wp-json\/wp\/v2\/posts\/6161\/revisions"}],"predecessor-version":[{"id":6167,"href":"https:\/\/grebbekrant.nl\/wordpress\/wp-json\/wp\/v2\/posts\/6161\/revisions\/6167"}],"wp:featuredmedia":[{"embeddable":true,"href":"https:\/\/grebbekrant.nl\/wordpress\/wp-json\/wp\/v2\/media\/6165"}],"wp:attachment":[{"href":"https:\/\/grebbekrant.nl\/wordpress\/wp-json\/wp\/v2\/media?parent=6161"}],"wp:term":[{"taxonomy":"category","embeddable":true,"href":"https:\/\/grebbekrant.nl\/wordpress\/wp-json\/wp\/v2\/categories?post=6161"},{"taxonomy":"post_tag","embeddable":true,"href":"https:\/\/grebbekrant.nl\/wordpress\/wp-json\/wp\/v2\/tags?post=6161"}],"curies":[{"name":"wp","href":"https:\/\/api.w.org\/{rel}","templated":true}]}}