{"id":22472,"date":"2024-11-21T22:15:21","date_gmt":"2024-11-21T21:15:21","guid":{"rendered":"https:\/\/grebbekrant.nl\/wordpress\/?p=22472"},"modified":"2024-11-21T22:15:21","modified_gmt":"2024-11-21T21:15:21","slug":"geran-kaai-geinstalleerd-als-burgemeester","status":"publish","type":"post","link":"https:\/\/grebbekrant.nl\/wordpress\/geran-kaai-geinstalleerd-als-burgemeester\/","title":{"rendered":"G\u00e9ran Kaai ge\u00efnstalleerd als burgemeester"},"content":{"rendered":"<p>Rhenen &#8211; Tijdens een bijzondere raadsvergadering, waar de Rhenense stadsomroeper de commissaris van de Koning, zijn kabinetschef en G\u00e9ran Kaai en zijn vrouw Gieneke aankondigde, is vanavond G\u00e9ran Kaai ge\u00efnstalleerd als burgemeester van de gemeente Rhenen. Hij volgt hiermee Hans van der Pas op, die eerder dit jaar de ambt van burgemeester heeft aanvaard in de gemeente Maashorst.<br \/>\nNadat griffier Kim Koopman het Koninklijk Besluit had voorgelezen, volgde een toespraak van en de be\u00ebdiging door de commissaris van de Koning, Hans Oosters. Hierna volgden toespraken van Eef Brouwer (plaatsvervangend voorzitter van de gemeenteraad), Gert van Laar (wethouder en 1e loco burgemeester) en Frits Naafs (namens de burgemeesterskring van de provincie Utrecht). Voor Frits Naafs een bijzondere plek omdat hij hier 18 jaar geleden afscheid nam als burgemeester van Rhenen.<\/p>\n<p>Nadat de ambtsketen door Gert van Laar was overhandigd, gaf G\u00e9ran Kaai zijn installatierede. Hij vermelde dat hij en zijn gezin inmiddels een huis in de gemeente hebben gekocht. Ook liet hij een kijkdoos zien die zijn jongste dochter heeft gemaakt met de kenmerkende punten van Rhenen, zoals de Nederrijn, de plaatselijke supermarkt, restaurant Moeke, Ouwehand en de Cuneratoren. Om kennis te gaan maken met de bewoners van de gemeente Rhenen, wil hij met een bus de 3 kernen gaan bezoeken. Voor de kinderen onder de tien jaar zal er een tekenwedstrijd worden uitgeschreven. De prijzen wil hij samen met kinderburgemeester Lizzy van der Spek gaan uitreiken.<br \/>\nVoor de tieners zal hij een inkijkje gaan geven in het werk van een startende burgemeester. Hoe, dat wordt later nog ingevuld.<\/p>\n<p>Als laatste overhandigde Eef Brouwer de voorzittershamer aan de burgemeester, waarmee G\u00e9ran Kaai als kersverse voorzitter van de gemeenteraad met een klap de vergadering afsloot.<\/p>\n<p>Na het offici\u00eble gedeelte kon eenieder op de drukbezochte receptie de felicitaties overbrengen aan en kennismaken met de nieuwe burgemeester.<\/p>\n<div id='gallery-1' class='gallery galleryid-22472 gallery-columns-3 gallery-size-colormag-featured-image'><figure class='gallery-item'>\n\t\t\t<div class='gallery-icon landscape'>\n\t\t\t\t<a href='https:\/\/grebbekrant.nl\/wordpress\/geran-kaai-geinstalleerd-als-burgemeester\/hh_211124_1937\/'><img loading=\"lazy\" decoding=\"async\" width=\"800\" height=\"533\" src=\"https:\/\/grebbekrant.nl\/wordpress\/wp-content\/uploads\/2024\/11\/HH_211124_1937-800x533.jpg\" class=\"attachment-colormag-featured-image size-colormag-featured-image\" alt=\"\" aria-describedby=\"gallery-1-22476\" srcset=\"https:\/\/grebbekrant.nl\/wordpress\/wp-content\/uploads\/2024\/11\/HH_211124_1937-800x533.jpg 800w, https:\/\/grebbekrant.nl\/wordpress\/wp-content\/uploads\/2024\/11\/HH_211124_1937-300x200.jpg 300w, https:\/\/grebbekrant.nl\/wordpress\/wp-content\/uploads\/2024\/11\/HH_211124_1937-768x512.jpg 768w, https:\/\/grebbekrant.nl\/wordpress\/wp-content\/uploads\/2024\/11\/HH_211124_1937.jpg 850w\" sizes=\"auto, (max-width: 800px) 100vw, 800px\" \/><\/a>\n\t\t\t<\/div>\n\t\t\t\t<figcaption class='wp-caption-text gallery-caption' id='gallery-1-22476'>\n\t\t\t\tRhenen, 21 november 2024. G\u00e9ran Kaai ge\u00efnstalleerd als burgemeester. Fotograaf: Hans Hoekstra\n\t\t\t\t<\/figcaption><\/figure><figure class='gallery-item'>\n\t\t\t<div class='gallery-icon landscape'>\n\t\t\t\t<a href='https:\/\/grebbekrant.nl\/wordpress\/geran-kaai-geinstalleerd-als-burgemeester\/hh_211124_1942\/'><img loading=\"lazy\" decoding=\"async\" width=\"800\" height=\"533\" src=\"https:\/\/grebbekrant.nl\/wordpress\/wp-content\/uploads\/2024\/11\/HH_211124_1942-800x533.jpg\" class=\"attachment-colormag-featured-image size-colormag-featured-image\" alt=\"\" aria-describedby=\"gallery-1-22477\" srcset=\"https:\/\/grebbekrant.nl\/wordpress\/wp-content\/uploads\/2024\/11\/HH_211124_1942-800x533.jpg 800w, https:\/\/grebbekrant.nl\/wordpress\/wp-content\/uploads\/2024\/11\/HH_211124_1942-300x200.jpg 300w, https:\/\/grebbekrant.nl\/wordpress\/wp-content\/uploads\/2024\/11\/HH_211124_1942-768x512.jpg 768w, https:\/\/grebbekrant.nl\/wordpress\/wp-content\/uploads\/2024\/11\/HH_211124_1942.jpg 850w\" sizes=\"auto, (max-width: 800px) 100vw, 800px\" \/><\/a>\n\t\t\t<\/div>\n\t\t\t\t<figcaption class='wp-caption-text gallery-caption' id='gallery-1-22477'>\n\t\t\t\tRhenen, 21 november 2024. G\u00e9ran Kaai ge\u00efnstalleerd als burgemeester. Fotograaf: Hans Hoekstra\n\t\t\t\t<\/figcaption><\/figure><figure class='gallery-item'>\n\t\t\t<div class='gallery-icon landscape'>\n\t\t\t\t<a href='https:\/\/grebbekrant.nl\/wordpress\/geran-kaai-geinstalleerd-als-burgemeester\/hh_211124_1944\/'><img loading=\"lazy\" decoding=\"async\" width=\"800\" height=\"533\" src=\"https:\/\/grebbekrant.nl\/wordpress\/wp-content\/uploads\/2024\/11\/HH_211124_1944-800x533.jpg\" class=\"attachment-colormag-featured-image size-colormag-featured-image\" alt=\"\" aria-describedby=\"gallery-1-22478\" srcset=\"https:\/\/grebbekrant.nl\/wordpress\/wp-content\/uploads\/2024\/11\/HH_211124_1944-800x533.jpg 800w, https:\/\/grebbekrant.nl\/wordpress\/wp-content\/uploads\/2024\/11\/HH_211124_1944-300x200.jpg 300w, https:\/\/grebbekrant.nl\/wordpress\/wp-content\/uploads\/2024\/11\/HH_211124_1944-768x512.jpg 768w, https:\/\/grebbekrant.nl\/wordpress\/wp-content\/uploads\/2024\/11\/HH_211124_1944.jpg 850w\" sizes=\"auto, (max-width: 800px) 100vw, 800px\" \/><\/a>\n\t\t\t<\/div>\n\t\t\t\t<figcaption class='wp-caption-text gallery-caption' id='gallery-1-22478'>\n\t\t\t\tRhenen, 21 november 2024. G\u00e9ran Kaai ge\u00efnstalleerd als burgemeester. Fotograaf: Hans Hoekstra\n\t\t\t\t<\/figcaption><\/figure><figure class='gallery-item'>\n\t\t\t<div class='gallery-icon landscape'>\n\t\t\t\t<a href='https:\/\/grebbekrant.nl\/wordpress\/geran-kaai-geinstalleerd-als-burgemeester\/hh_211124_1956\/'><img loading=\"lazy\" decoding=\"async\" width=\"800\" height=\"533\" src=\"https:\/\/grebbekrant.nl\/wordpress\/wp-content\/uploads\/2024\/11\/HH_211124_1956-800x533.jpg\" class=\"attachment-colormag-featured-image size-colormag-featured-image\" alt=\"\" aria-describedby=\"gallery-1-22479\" srcset=\"https:\/\/grebbekrant.nl\/wordpress\/wp-content\/uploads\/2024\/11\/HH_211124_1956-800x533.jpg 800w, https:\/\/grebbekrant.nl\/wordpress\/wp-content\/uploads\/2024\/11\/HH_211124_1956-300x200.jpg 300w, https:\/\/grebbekrant.nl\/wordpress\/wp-content\/uploads\/2024\/11\/HH_211124_1956-768x512.jpg 768w, https:\/\/grebbekrant.nl\/wordpress\/wp-content\/uploads\/2024\/11\/HH_211124_1956.jpg 850w\" sizes=\"auto, (max-width: 800px) 100vw, 800px\" \/><\/a>\n\t\t\t<\/div>\n\t\t\t\t<figcaption class='wp-caption-text gallery-caption' id='gallery-1-22479'>\n\t\t\t\tRhenen, 21 november 2024. G\u00e9ran Kaai ge\u00efnstalleerd als burgemeester. Fotograaf: Hans Hoekstra\n\t\t\t\t<\/figcaption><\/figure><figure class='gallery-item'>\n\t\t\t<div class='gallery-icon landscape'>\n\t\t\t\t<a href='https:\/\/grebbekrant.nl\/wordpress\/geran-kaai-geinstalleerd-als-burgemeester\/hh_211124_1957\/'><img loading=\"lazy\" decoding=\"async\" width=\"800\" height=\"533\" src=\"https:\/\/grebbekrant.nl\/wordpress\/wp-content\/uploads\/2024\/11\/HH_211124_1957-800x533.jpg\" class=\"attachment-colormag-featured-image size-colormag-featured-image\" alt=\"\" aria-describedby=\"gallery-1-22480\" srcset=\"https:\/\/grebbekrant.nl\/wordpress\/wp-content\/uploads\/2024\/11\/HH_211124_1957-800x533.jpg 800w, https:\/\/grebbekrant.nl\/wordpress\/wp-content\/uploads\/2024\/11\/HH_211124_1957-300x200.jpg 300w, https:\/\/grebbekrant.nl\/wordpress\/wp-content\/uploads\/2024\/11\/HH_211124_1957-768x512.jpg 768w, https:\/\/grebbekrant.nl\/wordpress\/wp-content\/uploads\/2024\/11\/HH_211124_1957.jpg 850w\" sizes=\"auto, (max-width: 800px) 100vw, 800px\" \/><\/a>\n\t\t\t<\/div>\n\t\t\t\t<figcaption class='wp-caption-text gallery-caption' id='gallery-1-22480'>\n\t\t\t\tRhenen, 21 november 2024. G\u00e9ran Kaai ge\u00efnstalleerd als burgemeester. Fotograaf: Hans Hoekstra\n\t\t\t\t<\/figcaption><\/figure><figure class='gallery-item'>\n\t\t\t<div class='gallery-icon landscape'>\n\t\t\t\t<a href='https:\/\/grebbekrant.nl\/wordpress\/geran-kaai-geinstalleerd-als-burgemeester\/hh_211124_2001\/'><img loading=\"lazy\" decoding=\"async\" width=\"800\" height=\"533\" src=\"https:\/\/grebbekrant.nl\/wordpress\/wp-content\/uploads\/2024\/11\/HH_211124_2001-800x533.jpg\" class=\"attachment-colormag-featured-image size-colormag-featured-image\" alt=\"\" aria-describedby=\"gallery-1-22481\" srcset=\"https:\/\/grebbekrant.nl\/wordpress\/wp-content\/uploads\/2024\/11\/HH_211124_2001-800x533.jpg 800w, https:\/\/grebbekrant.nl\/wordpress\/wp-content\/uploads\/2024\/11\/HH_211124_2001-300x200.jpg 300w, https:\/\/grebbekrant.nl\/wordpress\/wp-content\/uploads\/2024\/11\/HH_211124_2001-768x512.jpg 768w, https:\/\/grebbekrant.nl\/wordpress\/wp-content\/uploads\/2024\/11\/HH_211124_2001.jpg 850w\" sizes=\"auto, (max-width: 800px) 100vw, 800px\" \/><\/a>\n\t\t\t<\/div>\n\t\t\t\t<figcaption class='wp-caption-text gallery-caption' id='gallery-1-22481'>\n\t\t\t\tRhenen, 21 november 2024. G\u00e9ran Kaai ge\u00efnstalleerd als burgemeester. Fotograaf: Hans Hoekstra\n\t\t\t\t<\/figcaption><\/figure><figure class='gallery-item'>\n\t\t\t<div class='gallery-icon landscape'>\n\t\t\t\t<a href='https:\/\/grebbekrant.nl\/wordpress\/geran-kaai-geinstalleerd-als-burgemeester\/hh_211124_2003\/'><img loading=\"lazy\" decoding=\"async\" width=\"800\" height=\"533\" src=\"https:\/\/grebbekrant.nl\/wordpress\/wp-content\/uploads\/2024\/11\/HH_211124_2003-800x533.jpg\" class=\"attachment-colormag-featured-image size-colormag-featured-image\" alt=\"\" aria-describedby=\"gallery-1-22482\" srcset=\"https:\/\/grebbekrant.nl\/wordpress\/wp-content\/uploads\/2024\/11\/HH_211124_2003-800x533.jpg 800w, https:\/\/grebbekrant.nl\/wordpress\/wp-content\/uploads\/2024\/11\/HH_211124_2003-300x200.jpg 300w, https:\/\/grebbekrant.nl\/wordpress\/wp-content\/uploads\/2024\/11\/HH_211124_2003-768x512.jpg 768w, https:\/\/grebbekrant.nl\/wordpress\/wp-content\/uploads\/2024\/11\/HH_211124_2003.jpg 850w\" sizes=\"auto, (max-width: 800px) 100vw, 800px\" \/><\/a>\n\t\t\t<\/div>\n\t\t\t\t<figcaption class='wp-caption-text gallery-caption' id='gallery-1-22482'>\n\t\t\t\tRhenen, 21 november 2024. G\u00e9ran Kaai ge\u00efnstalleerd als burgemeester. Fotograaf: Hans Hoekstra\n\t\t\t\t<\/figcaption><\/figure><figure class='gallery-item'>\n\t\t\t<div class='gallery-icon landscape'>\n\t\t\t\t<a href='https:\/\/grebbekrant.nl\/wordpress\/geran-kaai-geinstalleerd-als-burgemeester\/hh_211124_2006\/'><img loading=\"lazy\" decoding=\"async\" width=\"800\" height=\"533\" src=\"https:\/\/grebbekrant.nl\/wordpress\/wp-content\/uploads\/2024\/11\/HH_211124_2006-800x533.jpg\" class=\"attachment-colormag-featured-image size-colormag-featured-image\" alt=\"\" aria-describedby=\"gallery-1-22483\" srcset=\"https:\/\/grebbekrant.nl\/wordpress\/wp-content\/uploads\/2024\/11\/HH_211124_2006-800x533.jpg 800w, https:\/\/grebbekrant.nl\/wordpress\/wp-content\/uploads\/2024\/11\/HH_211124_2006-300x200.jpg 300w, https:\/\/grebbekrant.nl\/wordpress\/wp-content\/uploads\/2024\/11\/HH_211124_2006-768x512.jpg 768w, https:\/\/grebbekrant.nl\/wordpress\/wp-content\/uploads\/2024\/11\/HH_211124_2006.jpg 850w\" sizes=\"auto, (max-width: 800px) 100vw, 800px\" \/><\/a>\n\t\t\t<\/div>\n\t\t\t\t<figcaption class='wp-caption-text gallery-caption' id='gallery-1-22483'>\n\t\t\t\tRhenen, 21 november 2024. G\u00e9ran Kaai ge\u00efnstalleerd als burgemeester. Fotograaf: Hans Hoekstra\n\t\t\t\t<\/figcaption><\/figure><figure class='gallery-item'>\n\t\t\t<div class='gallery-icon landscape'>\n\t\t\t\t<a href='https:\/\/grebbekrant.nl\/wordpress\/geran-kaai-geinstalleerd-als-burgemeester\/hh_211124_2012\/'><img loading=\"lazy\" decoding=\"async\" width=\"800\" height=\"533\" src=\"https:\/\/grebbekrant.nl\/wordpress\/wp-content\/uploads\/2024\/11\/HH_211124_2012-800x533.jpg\" class=\"attachment-colormag-featured-image size-colormag-featured-image\" alt=\"\" aria-describedby=\"gallery-1-22484\" srcset=\"https:\/\/grebbekrant.nl\/wordpress\/wp-content\/uploads\/2024\/11\/HH_211124_2012-800x533.jpg 800w, https:\/\/grebbekrant.nl\/wordpress\/wp-content\/uploads\/2024\/11\/HH_211124_2012-300x200.jpg 300w, https:\/\/grebbekrant.nl\/wordpress\/wp-content\/uploads\/2024\/11\/HH_211124_2012-768x512.jpg 768w, https:\/\/grebbekrant.nl\/wordpress\/wp-content\/uploads\/2024\/11\/HH_211124_2012.jpg 850w\" sizes=\"auto, (max-width: 800px) 100vw, 800px\" \/><\/a>\n\t\t\t<\/div>\n\t\t\t\t<figcaption class='wp-caption-text gallery-caption' id='gallery-1-22484'>\n\t\t\t\tRhenen, 21 november 2024. G\u00e9ran Kaai ge\u00efnstalleerd als burgemeester. Fotograaf: Hans Hoekstra\n\t\t\t\t<\/figcaption><\/figure><figure class='gallery-item'>\n\t\t\t<div class='gallery-icon landscape'>\n\t\t\t\t<a href='https:\/\/grebbekrant.nl\/wordpress\/geran-kaai-geinstalleerd-als-burgemeester\/hh_211124_2022\/'><img loading=\"lazy\" decoding=\"async\" width=\"800\" height=\"533\" src=\"https:\/\/grebbekrant.nl\/wordpress\/wp-content\/uploads\/2024\/11\/HH_211124_2022-800x533.jpg\" class=\"attachment-colormag-featured-image size-colormag-featured-image\" alt=\"\" aria-describedby=\"gallery-1-22486\" srcset=\"https:\/\/grebbekrant.nl\/wordpress\/wp-content\/uploads\/2024\/11\/HH_211124_2022-800x533.jpg 800w, https:\/\/grebbekrant.nl\/wordpress\/wp-content\/uploads\/2024\/11\/HH_211124_2022-300x200.jpg 300w, https:\/\/grebbekrant.nl\/wordpress\/wp-content\/uploads\/2024\/11\/HH_211124_2022-768x512.jpg 768w, https:\/\/grebbekrant.nl\/wordpress\/wp-content\/uploads\/2024\/11\/HH_211124_2022.jpg 850w\" sizes=\"auto, (max-width: 800px) 100vw, 800px\" \/><\/a>\n\t\t\t<\/div>\n\t\t\t\t<figcaption class='wp-caption-text gallery-caption' id='gallery-1-22486'>\n\t\t\t\tRhenen, 21 november 2024. G\u00e9ran Kaai ge\u00efnstalleerd als burgemeester. Fotograaf: Hans Hoekstra\n\t\t\t\t<\/figcaption><\/figure><figure class='gallery-item'>\n\t\t\t<div class='gallery-icon landscape'>\n\t\t\t\t<a href='https:\/\/grebbekrant.nl\/wordpress\/geran-kaai-geinstalleerd-als-burgemeester\/hh_211124_2022-2\/'><img loading=\"lazy\" decoding=\"async\" width=\"800\" height=\"533\" src=\"https:\/\/grebbekrant.nl\/wordpress\/wp-content\/uploads\/2024\/11\/HH_211124_2022-2-800x533.jpg\" class=\"attachment-colormag-featured-image size-colormag-featured-image\" alt=\"\" aria-describedby=\"gallery-1-22487\" srcset=\"https:\/\/grebbekrant.nl\/wordpress\/wp-content\/uploads\/2024\/11\/HH_211124_2022-2-800x533.jpg 800w, https:\/\/grebbekrant.nl\/wordpress\/wp-content\/uploads\/2024\/11\/HH_211124_2022-2-300x200.jpg 300w, https:\/\/grebbekrant.nl\/wordpress\/wp-content\/uploads\/2024\/11\/HH_211124_2022-2-768x512.jpg 768w, https:\/\/grebbekrant.nl\/wordpress\/wp-content\/uploads\/2024\/11\/HH_211124_2022-2.jpg 850w\" sizes=\"auto, (max-width: 800px) 100vw, 800px\" \/><\/a>\n\t\t\t<\/div>\n\t\t\t\t<figcaption class='wp-caption-text gallery-caption' id='gallery-1-22487'>\n\t\t\t\tRhenen, 21 november 2024. G\u00e9ran Kaai ge\u00efnstalleerd als burgemeester. Fotograaf: Hans Hoekstra\n\t\t\t\t<\/figcaption><\/figure><figure class='gallery-item'>\n\t\t\t<div class='gallery-icon landscape'>\n\t\t\t\t<a href='https:\/\/grebbekrant.nl\/wordpress\/geran-kaai-geinstalleerd-als-burgemeester\/hh_211124_2030\/'><img loading=\"lazy\" decoding=\"async\" width=\"800\" height=\"533\" src=\"https:\/\/grebbekrant.nl\/wordpress\/wp-content\/uploads\/2024\/11\/HH_211124_2030-800x533.jpg\" class=\"attachment-colormag-featured-image size-colormag-featured-image\" alt=\"\" aria-describedby=\"gallery-1-22488\" srcset=\"https:\/\/grebbekrant.nl\/wordpress\/wp-content\/uploads\/2024\/11\/HH_211124_2030-800x533.jpg 800w, https:\/\/grebbekrant.nl\/wordpress\/wp-content\/uploads\/2024\/11\/HH_211124_2030-300x200.jpg 300w, https:\/\/grebbekrant.nl\/wordpress\/wp-content\/uploads\/2024\/11\/HH_211124_2030-768x512.jpg 768w, https:\/\/grebbekrant.nl\/wordpress\/wp-content\/uploads\/2024\/11\/HH_211124_2030.jpg 850w\" sizes=\"auto, (max-width: 800px) 100vw, 800px\" \/><\/a>\n\t\t\t<\/div>\n\t\t\t\t<figcaption class='wp-caption-text gallery-caption' id='gallery-1-22488'>\n\t\t\t\tRhenen, 21 november 2024. G\u00e9ran Kaai ge\u00efnstalleerd als burgemeester. Fotograaf: Hans Hoekstra\n\t\t\t\t<\/figcaption><\/figure><figure class='gallery-item'>\n\t\t\t<div class='gallery-icon landscape'>\n\t\t\t\t<a href='https:\/\/grebbekrant.nl\/wordpress\/geran-kaai-geinstalleerd-als-burgemeester\/hh_211124_2037\/'><img loading=\"lazy\" decoding=\"async\" width=\"800\" height=\"533\" src=\"https:\/\/grebbekrant.nl\/wordpress\/wp-content\/uploads\/2024\/11\/HH_211124_2037-800x533.jpg\" class=\"attachment-colormag-featured-image size-colormag-featured-image\" alt=\"\" aria-describedby=\"gallery-1-22489\" srcset=\"https:\/\/grebbekrant.nl\/wordpress\/wp-content\/uploads\/2024\/11\/HH_211124_2037-800x533.jpg 800w, https:\/\/grebbekrant.nl\/wordpress\/wp-content\/uploads\/2024\/11\/HH_211124_2037-300x200.jpg 300w, https:\/\/grebbekrant.nl\/wordpress\/wp-content\/uploads\/2024\/11\/HH_211124_2037-768x512.jpg 768w, https:\/\/grebbekrant.nl\/wordpress\/wp-content\/uploads\/2024\/11\/HH_211124_2037.jpg 850w\" sizes=\"auto, (max-width: 800px) 100vw, 800px\" \/><\/a>\n\t\t\t<\/div>\n\t\t\t\t<figcaption class='wp-caption-text gallery-caption' id='gallery-1-22489'>\n\t\t\t\tRhenen, 21 november 2024. G\u00e9ran Kaai ge\u00efnstalleerd als burgemeester. Fotograaf: Hans Hoekstra\n\t\t\t\t<\/figcaption><\/figure><figure class='gallery-item'>\n\t\t\t<div class='gallery-icon landscape'>\n\t\t\t\t<a href='https:\/\/grebbekrant.nl\/wordpress\/geran-kaai-geinstalleerd-als-burgemeester\/hh_211124_2037-2\/'><img loading=\"lazy\" decoding=\"async\" width=\"800\" height=\"533\" src=\"https:\/\/grebbekrant.nl\/wordpress\/wp-content\/uploads\/2024\/11\/HH_211124_2037-2-800x533.jpg\" class=\"attachment-colormag-featured-image size-colormag-featured-image\" alt=\"\" aria-describedby=\"gallery-1-22490\" srcset=\"https:\/\/grebbekrant.nl\/wordpress\/wp-content\/uploads\/2024\/11\/HH_211124_2037-2-800x533.jpg 800w, https:\/\/grebbekrant.nl\/wordpress\/wp-content\/uploads\/2024\/11\/HH_211124_2037-2-300x200.jpg 300w, https:\/\/grebbekrant.nl\/wordpress\/wp-content\/uploads\/2024\/11\/HH_211124_2037-2-768x512.jpg 768w, https:\/\/grebbekrant.nl\/wordpress\/wp-content\/uploads\/2024\/11\/HH_211124_2037-2.jpg 850w\" sizes=\"auto, (max-width: 800px) 100vw, 800px\" \/><\/a>\n\t\t\t<\/div>\n\t\t\t\t<figcaption class='wp-caption-text gallery-caption' id='gallery-1-22490'>\n\t\t\t\tRhenen, 21 november 2024. G\u00e9ran Kaai ge\u00efnstalleerd als burgemeester. Fotograaf: Hans Hoekstra\n\t\t\t\t<\/figcaption><\/figure><figure class='gallery-item'>\n\t\t\t<div class='gallery-icon landscape'>\n\t\t\t\t<a href='https:\/\/grebbekrant.nl\/wordpress\/geran-kaai-geinstalleerd-als-burgemeester\/hh_211124_2038\/'><img loading=\"lazy\" decoding=\"async\" width=\"800\" height=\"533\" src=\"https:\/\/grebbekrant.nl\/wordpress\/wp-content\/uploads\/2024\/11\/HH_211124_2038-800x533.jpg\" class=\"attachment-colormag-featured-image size-colormag-featured-image\" alt=\"\" aria-describedby=\"gallery-1-22491\" srcset=\"https:\/\/grebbekrant.nl\/wordpress\/wp-content\/uploads\/2024\/11\/HH_211124_2038-800x533.jpg 800w, https:\/\/grebbekrant.nl\/wordpress\/wp-content\/uploads\/2024\/11\/HH_211124_2038-300x200.jpg 300w, https:\/\/grebbekrant.nl\/wordpress\/wp-content\/uploads\/2024\/11\/HH_211124_2038-768x512.jpg 768w, https:\/\/grebbekrant.nl\/wordpress\/wp-content\/uploads\/2024\/11\/HH_211124_2038.jpg 850w\" sizes=\"auto, (max-width: 800px) 100vw, 800px\" \/><\/a>\n\t\t\t<\/div>\n\t\t\t\t<figcaption class='wp-caption-text gallery-caption' id='gallery-1-22491'>\n\t\t\t\tRhenen, 21 november 2024. G\u00e9ran Kaai ge\u00efnstalleerd als burgemeester. Fotograaf: Hans Hoekstra\n\t\t\t\t<\/figcaption><\/figure><figure class='gallery-item'>\n\t\t\t<div class='gallery-icon landscape'>\n\t\t\t\t<a href='https:\/\/grebbekrant.nl\/wordpress\/geran-kaai-geinstalleerd-als-burgemeester\/hh_211124_2046\/'><img loading=\"lazy\" decoding=\"async\" width=\"800\" height=\"533\" src=\"https:\/\/grebbekrant.nl\/wordpress\/wp-content\/uploads\/2024\/11\/HH_211124_2046-800x533.jpg\" class=\"attachment-colormag-featured-image size-colormag-featured-image\" alt=\"\" aria-describedby=\"gallery-1-22492\" srcset=\"https:\/\/grebbekrant.nl\/wordpress\/wp-content\/uploads\/2024\/11\/HH_211124_2046-800x533.jpg 800w, https:\/\/grebbekrant.nl\/wordpress\/wp-content\/uploads\/2024\/11\/HH_211124_2046-300x200.jpg 300w, https:\/\/grebbekrant.nl\/wordpress\/wp-content\/uploads\/2024\/11\/HH_211124_2046-768x512.jpg 768w, https:\/\/grebbekrant.nl\/wordpress\/wp-content\/uploads\/2024\/11\/HH_211124_2046.jpg 850w\" sizes=\"auto, (max-width: 800px) 100vw, 800px\" \/><\/a>\n\t\t\t<\/div>\n\t\t\t\t<figcaption class='wp-caption-text gallery-caption' id='gallery-1-22492'>\n\t\t\t\tRhenen, 21 november 2024. G\u00e9ran Kaai ge\u00efnstalleerd als burgemeester. Fotograaf: Hans Hoekstra\nOp de foto vlnr. burgemeesters Gilbert Isabella (Houten), Geran Kaai (Rhenen), Lucas Bolsius (Amersfoort), Joyce Langenacker (Zeist), Frits Naafs (Utrechtse Heuvelrug)\n\t\t\t\t<\/figcaption><\/figure><figure class='gallery-item'>\n\t\t\t<div class='gallery-icon landscape'>\n\t\t\t\t<a href='https:\/\/grebbekrant.nl\/wordpress\/geran-kaai-geinstalleerd-als-burgemeester\/hh_211124_2100\/'><img loading=\"lazy\" decoding=\"async\" width=\"800\" height=\"533\" src=\"https:\/\/grebbekrant.nl\/wordpress\/wp-content\/uploads\/2024\/11\/HH_211124_2100-800x533.jpg\" class=\"attachment-colormag-featured-image size-colormag-featured-image\" alt=\"\" aria-describedby=\"gallery-1-22493\" srcset=\"https:\/\/grebbekrant.nl\/wordpress\/wp-content\/uploads\/2024\/11\/HH_211124_2100-800x533.jpg 800w, https:\/\/grebbekrant.nl\/wordpress\/wp-content\/uploads\/2024\/11\/HH_211124_2100-300x200.jpg 300w, https:\/\/grebbekrant.nl\/wordpress\/wp-content\/uploads\/2024\/11\/HH_211124_2100-768x512.jpg 768w, https:\/\/grebbekrant.nl\/wordpress\/wp-content\/uploads\/2024\/11\/HH_211124_2100.jpg 850w\" sizes=\"auto, (max-width: 800px) 100vw, 800px\" \/><\/a>\n\t\t\t<\/div>\n\t\t\t\t<figcaption class='wp-caption-text gallery-caption' id='gallery-1-22493'>\n\t\t\t\tRhenen, 21 november 2024. G\u00e9ran Kaai ge\u00efnstalleerd als burgemeester. Fotograaf: Hans Hoekstra\n\t\t\t\t<\/figcaption><\/figure><figure class='gallery-item'>\n\t\t\t<div class='gallery-icon landscape'>\n\t\t\t\t<a href='https:\/\/grebbekrant.nl\/wordpress\/geran-kaai-geinstalleerd-als-burgemeester\/hh_211124_2102\/'><img loading=\"lazy\" decoding=\"async\" width=\"800\" height=\"533\" src=\"https:\/\/grebbekrant.nl\/wordpress\/wp-content\/uploads\/2024\/11\/HH_211124_2102-800x533.jpg\" class=\"attachment-colormag-featured-image size-colormag-featured-image\" alt=\"\" aria-describedby=\"gallery-1-22494\" srcset=\"https:\/\/grebbekrant.nl\/wordpress\/wp-content\/uploads\/2024\/11\/HH_211124_2102-800x533.jpg 800w, https:\/\/grebbekrant.nl\/wordpress\/wp-content\/uploads\/2024\/11\/HH_211124_2102-300x200.jpg 300w, https:\/\/grebbekrant.nl\/wordpress\/wp-content\/uploads\/2024\/11\/HH_211124_2102-768x512.jpg 768w, https:\/\/grebbekrant.nl\/wordpress\/wp-content\/uploads\/2024\/11\/HH_211124_2102.jpg 850w\" sizes=\"auto, (max-width: 800px) 100vw, 800px\" \/><\/a>\n\t\t\t<\/div>\n\t\t\t\t<figcaption class='wp-caption-text gallery-caption' id='gallery-1-22494'>\n\t\t\t\tRhenen, 21 november 2024. G\u00e9ran Kaai ge\u00efnstalleerd als burgemeester. Fotograaf: Hans Hoekstra\n\t\t\t\t<\/figcaption><\/figure>\n\t\t<\/div>\n\n","protected":false},"excerpt":{"rendered":"<p>Rhenen &#8211; Tijdens een bijzondere raadsvergadering, waar de Rhenense stadsomroeper de commissaris van de Koning, zijn kabinetschef en G\u00e9ran Kaai<\/p>\n","protected":false},"author":3,"featured_media":22485,"comment_status":"closed","ping_status":"closed","sticky":false,"template":"","format":"standard","meta":{"_monsterinsights_skip_tracking":false,"_monsterinsights_sitenote_active":false,"_monsterinsights_sitenote_note":"","_monsterinsights_sitenote_category":0,"footnotes":""},"categories":[25],"tags":[],"class_list":["post-22472","post","type-post","status-publish","format-standard","has-post-thumbnail","hentry","category-rhenen"],"_links":{"self":[{"href":"https:\/\/grebbekrant.nl\/wordpress\/wp-json\/wp\/v2\/posts\/22472","targetHints":{"allow":["GET"]}}],"collection":[{"href":"https:\/\/grebbekrant.nl\/wordpress\/wp-json\/wp\/v2\/posts"}],"about":[{"href":"https:\/\/grebbekrant.nl\/wordpress\/wp-json\/wp\/v2\/types\/post"}],"author":[{"embeddable":true,"href":"https:\/\/grebbekrant.nl\/wordpress\/wp-json\/wp\/v2\/users\/3"}],"replies":[{"embeddable":true,"href":"https:\/\/grebbekrant.nl\/wordpress\/wp-json\/wp\/v2\/comments?post=22472"}],"version-history":[{"count":8,"href":"https:\/\/grebbekrant.nl\/wordpress\/wp-json\/wp\/v2\/posts\/22472\/revisions"}],"predecessor-version":[{"id":22499,"href":"https:\/\/grebbekrant.nl\/wordpress\/wp-json\/wp\/v2\/posts\/22472\/revisions\/22499"}],"wp:featuredmedia":[{"embeddable":true,"href":"https:\/\/grebbekrant.nl\/wordpress\/wp-json\/wp\/v2\/media\/22485"}],"wp:attachment":[{"href":"https:\/\/grebbekrant.nl\/wordpress\/wp-json\/wp\/v2\/media?parent=22472"}],"wp:term":[{"taxonomy":"category","embeddable":true,"href":"https:\/\/grebbekrant.nl\/wordpress\/wp-json\/wp\/v2\/categories?post=22472"},{"taxonomy":"post_tag","embeddable":true,"href":"https:\/\/grebbekrant.nl\/wordpress\/wp-json\/wp\/v2\/tags?post=22472"}],"curies":[{"name":"wp","href":"https:\/\/api.w.org\/{rel}","templated":true}]}}